{"id":1891,"date":"2017-04-26T10:49:08","date_gmt":"2017-04-26T08:49:08","guid":{"rendered":"http:\/\/www.buscadordetalleres.com\/blog\/?p=1891"},"modified":"2017-04-26T10:49:08","modified_gmt":"2017-04-26T08:49:08","slug":"mo-el-primer-vehiculo-solar-lanzado-al-mercado","status":"publish","type":"post","link":"https:\/\/buscadordetalleres.com\/blog\/mo-el-primer-vehiculo-solar-lanzado-al-mercado\/","title":{"rendered":"M\u00f6, el primer veh\u00edculo solar lanzado al mercado"},"content":{"rendered":"<p><u><\/u>Despu\u00e9s de dejar apartados durante unas semanas los temas relacionados con los <a href=\"http:\/\/www.buscadordetalleres.com\/blog\/punto-de-recarga-de-un-vehiculo-electrico\/\" target=\"_blank\" rel=\"noopener noreferrer\">veh\u00edculos el\u00e9ctricos<\/a>, volvemos hoy para hablar del <strong>primer veh\u00edculo solar urbano del mundo<\/strong> lanzado al mercado, M\u00f6.<\/p>\n<p><img loading=\"lazy\" decoding=\"async\" class=\"alignnone  wp-image-1892\" src=\"http:\/\/www.buscadordetalleres.com\/blog\/wp-content\/uploads\/2017\/04\/1.jpg\" alt=\"\" width=\"607\" height=\"371\" srcset=\"https:\/\/buscadordetalleres.com\/blog\/wp-content\/uploads\/2017\/04\/1.jpg 980w, https:\/\/buscadordetalleres.com\/blog\/wp-content\/uploads\/2017\/04\/1-300x183.jpg 300w, https:\/\/buscadordetalleres.com\/blog\/wp-content\/uploads\/2017\/04\/1-768x469.jpg 768w\" sizes=\"auto, (max-width: 607px) 100vw, 607px\" \/><\/p>\n<p>M\u00f6 es un veh\u00edculo biplaza, aunque tiene espacio detr\u00e1s para colocar sillitas infantiles o equipaje, que alcanza una velocidad m\u00e1xima de 50Km\/h y que tiene una autonom\u00eda de entre <strong>50 y 90 kil\u00f3metros<\/strong>, dependiendo tambi\u00e9n, del uso que se le d\u00e9 al pedaleo asistido del que dispone. No toda la contaminaci\u00f3n de un veh\u00edculo convencional se centra en las emisiones si no en el proceso y los materiales de fabricaci\u00f3n por eso M\u00f6 ha sido <strong>fabricado en un 80% con materiales sostenibles<\/strong> como puede ser la madera.<\/p>\n<p>Ha sido homologado como triciclo, por lo que no es necesario disponer de ninguna licencia ni permiso de conducir, aparte, est\u00e1 exento de <a href=\"http:\/\/www.buscadordetalleres.com\/blog\/ivtm-impuesto-sobre-vehiculos-de-traccion-mecanica\/\" target=\"_blank\" rel=\"noopener noreferrer\"><strong>pagar impuesto de circulaci\u00f3n<\/strong><\/a>\u00a0y de disponer de seguro para poder circular con \u00e9l.<\/p>\n<p><a href=\"http:\/\/www.buscadordetalleres.com\/blog\/wp-content\/uploads\/2017\/04\/2.jpg\"><img loading=\"lazy\" decoding=\"async\" class=\"alignnone  wp-image-1894\" src=\"http:\/\/www.buscadordetalleres.com\/blog\/wp-content\/uploads\/2017\/04\/2.jpg\" alt=\"\" width=\"661\" height=\"372\" srcset=\"https:\/\/buscadordetalleres.com\/blog\/wp-content\/uploads\/2017\/04\/2.jpg 720w, https:\/\/buscadordetalleres.com\/blog\/wp-content\/uploads\/2017\/04\/2-300x169.jpg 300w\" sizes=\"auto, (max-width: 661px) 100vw, 661px\" \/><\/a><\/p>\n<p>Principalmente obtiene la energ\u00eda de las <strong>placas solares<\/strong> situadas en la parte superior del veh\u00edculo, aunque tenemos la opci\u00f3n cargar la bater\u00eda enfunchando el veh\u00edculo a un puerto de carga en nuestro garaje, o incluso extrayendo la bater\u00eda y conect\u00e1ndola dentro de casa, a pesar de que Evolve asegura que para usos moderados no ser\u00e1 necesario. El tiempo de carga es bastante r\u00e1pido, cargando en una hora <strong>el 80% de la bater\u00eda<\/strong>, y el 10% restante en unas dos horas aproximadamente.<\/p>\n<p>En este v\u00eddeo <strong>David Tome<\/strong>, socio fundador de Evovelo, nos muestra en profundidad el M\u00f6 y nos explica parte su funcionamiento.<br \/>\n<iframe loading=\"lazy\" src=\"https:\/\/www.youtube.com\/embed\/mor6IyunGqo\" width=\"560\" height=\"315\" frameborder=\"0\" allowfullscreen=\"allowfullscreen\"><\/iframe><\/p>\n<p>Este veh\u00edculo ha sido creado por <a href=\"http:\/\/www.evovelo.com\/en\/\" target=\"_blank\" rel=\"noopener noreferrer\"><strong>Evovelo,\u00a0<\/strong><\/a>una cooperativa malague\u00f1a que se centra en el dise\u00f1o y la fabricaci\u00f3n de veh\u00edculos urbanos sostenibles. Aunque por el momento solo se hayan fabricado <strong>100 unidades<\/strong>, en un primer momento cerca de 500 personas estaban interesadas en adquirir un ejemplar de este veh\u00edculo, pero Evovelo no pudo asumir esa demanda y decidi\u00f3 seleccionar las personas m\u00e1s comprometidas con el proyecto.<\/p>\n<p><a href=\"http:\/\/www.buscadordetalleres.com\/blog\/wp-content\/uploads\/2017\/04\/4.jpg\"><img loading=\"lazy\" decoding=\"async\" class=\"alignnone  wp-image-1895\" src=\"http:\/\/www.buscadordetalleres.com\/blog\/wp-content\/uploads\/2017\/04\/4.jpg\" alt=\"\" width=\"636\" height=\"358\" srcset=\"https:\/\/buscadordetalleres.com\/blog\/wp-content\/uploads\/2017\/04\/4.jpg 996w, https:\/\/buscadordetalleres.com\/blog\/wp-content\/uploads\/2017\/04\/4-300x169.jpg 300w, https:\/\/buscadordetalleres.com\/blog\/wp-content\/uploads\/2017\/04\/4-768x432.jpg 768w\" sizes=\"auto, (max-width: 636px) 100vw, 636px\" \/><\/a><\/p>\n<p>Actualmente <a href=\"http:\/\/www.evovelo.com\/\" target=\"_blank\" rel=\"noopener noreferrer\"><strong>Evovelo<\/strong><\/a> nos ofrece la oportunidad de reservar en su p\u00e1gina web una unidad la cual se recibir\u00eda en un plazo de unos <strong>12 meses<\/strong> y tienen el objetivo de poder llegar a utilizar este veh\u00edculo como <strong>veh\u00edculo de reparto, o incluso como taxi<\/strong>.<\/p>\n<p>Es obvio que M\u00f6 no pretende ser la innovaci\u00f3n en cuanto a veh\u00edculos el\u00e9ctricos ya que est\u00e1 enfocado solo al uso urbano, pero puede que sea una muy buena <strong>alternativa<\/strong> a los veh\u00edculos de baja cilindrada como los ciclomotores de 49cc.<\/p>\n<p>&nbsp;<\/p>\n<p>&nbsp;<\/p>\n","protected":false},"excerpt":{"rendered":"<p>Despu\u00e9s de dejar apartados durante unas semanas los temas relacionados con los veh\u00edculos el\u00e9ctricos, volvemos hoy para hablar del primer veh\u00edculo solar urbano del mundo lanzado al mercado, M\u00f6. M\u00f6 es un veh\u00edculo biplaza, aunque tiene espacio detr\u00e1s para colocar sillitas infantiles o equipaje, que alcanza una velocidad m\u00e1xima de 50Km\/h y que tiene una [&hellip;]<\/p>\n","protected":false},"author":1,"featured_media":1893,"comment_status":"open","ping_status":"open","sticky":false,"template":"","format":"standard","meta":{"sfsi_plus_gutenberg_text_before_share":"","sfsi_plus_gutenberg_show_text_before_share":"","sfsi_plus_gutenberg_icon_type":"","sfsi_plus_gutenberg_icon_alignemt":"","sfsi_plus_gutenburg_max_per_row":"","footnotes":""},"categories":[207],"tags":[310,308,64,33,309,49,148,311,122],"class_list":["post-1891","post","type-post","status-publish","format-standard","has-post-thumbnail","hentry","category-nuevo-blog","tag-blogs","tag-coche-solar","tag-coches","tag-espana","tag-evovelo","tag-motor","tag-placas-solares","tag-sol","tag-sostenibilidad"],"_links":{"self":[{"href":"https:\/\/buscadordetalleres.com\/blog\/wp-json\/wp\/v2\/posts\/1891","targetHints":{"allow":["GET"]}}],"collection":[{"href":"https:\/\/buscadordetalleres.com\/blog\/wp-json\/wp\/v2\/posts"}],"about":[{"href":"https:\/\/buscadordetalleres.com\/blog\/wp-json\/wp\/v2\/types\/post"}],"author":[{"embeddable":true,"href":"https:\/\/buscadordetalleres.com\/blog\/wp-json\/wp\/v2\/users\/1"}],"replies":[{"embeddable":true,"href":"https:\/\/buscadordetalleres.com\/blog\/wp-json\/wp\/v2\/comments?post=1891"}],"version-history":[{"count":2,"href":"https:\/\/buscadordetalleres.com\/blog\/wp-json\/wp\/v2\/posts\/1891\/revisions"}],"predecessor-version":[{"id":1897,"href":"https:\/\/buscadordetalleres.com\/blog\/wp-json\/wp\/v2\/posts\/1891\/revisions\/1897"}],"wp:featuredmedia":[{"embeddable":true,"href":"https:\/\/buscadordetalleres.com\/blog\/wp-json\/wp\/v2\/media\/1893"}],"wp:attachment":[{"href":"https:\/\/buscadordetalleres.com\/blog\/wp-json\/wp\/v2\/media?parent=1891"}],"wp:term":[{"taxonomy":"category","embeddable":true,"href":"https:\/\/buscadordetalleres.com\/blog\/wp-json\/wp\/v2\/categories?post=1891"},{"taxonomy":"post_tag","embeddable":true,"href":"https:\/\/buscadordetalleres.com\/blog\/wp-json\/wp\/v2\/tags?post=1891"}],"curies":[{"name":"wp","href":"https:\/\/api.w.org\/{rel}","templated":true}]}}