{"id":1969,"date":"2017-07-27T07:46:41","date_gmt":"2017-07-27T05:46:41","guid":{"rendered":"https:\/\/www.buscadordetalleres.com\/blog\/?p=1969"},"modified":"2017-08-07T12:20:21","modified_gmt":"2017-08-07T10:20:21","slug":"como-colocar-correctamente-el-equipaje-de-tu-coche","status":"publish","type":"post","link":"https:\/\/buscadordetalleres.com\/blog\/como-colocar-correctamente-el-equipaje-de-tu-coche\/","title":{"rendered":"C\u00f3mo colocar correctamente el equipaje de tu coche"},"content":{"rendered":"<p>Estamos en \u00e9poca de <strong>verano<\/strong> y <strong>vacaciones<\/strong> y es hora de emprender nuestro <strong>viaje<\/strong>, en el post de hoy y antes de irnos de vacaciones os traemos unos consejos que os servir\u00e1n de ayuda para <strong>organizar correctamente el equipaje<\/strong> en vuestro veh\u00edculo. Hay que tener en cuenta que<strong> llevar el coche cargado afecta al comportamiento del veh\u00edculo,<\/strong>\u00a0 as\u00ed es que tendremos que evitar llevar cosas innecesarias y organizar y sujetar todo el equipaje correctamente ya que es muy importante que todo est\u00e9 bien colocado para evitar que ante una frenada brusca o cualquier imprevisto la carga salga despedida y nos pongamos en peligro nosotros o a los dem\u00e1s veh\u00edculos que est\u00e1n circulando.<\/p>\n<p><a href=\"https:\/\/www.buscadordetalleres.com\/blog\/wp-content\/uploads\/2017\/07\/Foto-1.jpg\"><img loading=\"lazy\" decoding=\"async\" class=\"size-full wp-image-1974 aligncenter\" src=\"https:\/\/www.buscadordetalleres.com\/blog\/wp-content\/uploads\/2017\/07\/Foto-1.jpg\" alt=\"\" width=\"730\" height=\"686\" srcset=\"https:\/\/buscadordetalleres.com\/blog\/wp-content\/uploads\/2017\/07\/Foto-1.jpg 730w, https:\/\/buscadordetalleres.com\/blog\/wp-content\/uploads\/2017\/07\/Foto-1-300x282.jpg 300w\" sizes=\"auto, (max-width: 730px) 100vw, 730px\" \/><\/a><\/p>\n<p>Debemos tener en cuenta que ante una frenada brusca si un objeto sale despedido se convierte en un proyectil que\u00a0puede\u00a0ser mortal, ya que ante esta situaci\u00f3n <strong>la desaceleraci\u00f3n multiplica su peso en funci\u00f3n de la velocidad.<\/strong><\/p>\n<p><strong>A la hora de realizar adelantamientos, giros o frenadas hay que tener mucha precauci\u00f3n,<\/strong> adem\u00e1s de que antes de emprender el viaje hay que <strong>aumentar la presi\u00f3n de los neum\u00e1ticos<\/strong> ya que al ir cargado si la presi\u00f3n no es la correcta se producir\u00e1 un desgaste excesivo de los mismos.<\/p>\n<p><a href=\"https:\/\/www.buscadordetalleres.com\/blog\/wp-content\/uploads\/2017\/07\/Presi\u00f3n-neum\u00e1ticos.jpg\"><img loading=\"lazy\" decoding=\"async\" class=\"size-full wp-image-1972 aligncenter\" src=\"https:\/\/www.buscadordetalleres.com\/blog\/wp-content\/uploads\/2017\/07\/Presi\u00f3n-neum\u00e1ticos.jpg\" alt=\"\" width=\"600\" height=\"398\" srcset=\"https:\/\/buscadordetalleres.com\/blog\/wp-content\/uploads\/2017\/07\/Presi\u00f3n-neum\u00e1ticos.jpg 600w, https:\/\/buscadordetalleres.com\/blog\/wp-content\/uploads\/2017\/07\/Presi\u00f3n-neum\u00e1ticos-300x199.jpg 300w, https:\/\/buscadordetalleres.com\/blog\/wp-content\/uploads\/2017\/07\/Presi\u00f3n-neum\u00e1ticos-321x214.jpg 321w, https:\/\/buscadordetalleres.com\/blog\/wp-content\/uploads\/2017\/07\/Presi\u00f3n-neum\u00e1ticos-207x136.jpg 207w, https:\/\/buscadordetalleres.com\/blog\/wp-content\/uploads\/2017\/07\/Presi\u00f3n-neum\u00e1ticos-140x94.jpg 140w\" sizes=\"auto, (max-width: 600px) 100vw, 600px\" \/><\/a><\/p>\n<p>Si las plazas traseras no est\u00e1n ocupadas es recomendable abrochar los <strong>cinturones<\/strong> para que en caso de frenada no cedan los respaldos y que las maletas entren al interior y puedan hacer da\u00f1o a los ocupantes.<\/p>\n<p>Dentro del coche intentaremos llevar lo justo y necesario ya que <strong>no es aconsejable llevar ning\u00fan bulto suelto<\/strong>. En caso de necesidad, si no es de dimensiones muy grandes, podr\u00edamos llevarlo en la parte inferior para evitar que salga despedido y vigilando que se mueva lo menos posible. Nunca llevar objetos en la bandeja ya que aparte de no dejarnos visibilidad los objetos pueden salir despedidos.<\/p>\n<p>Muy importante, pensando en los m\u00e1s peque\u00f1os, lo ideal es<strong> preparar una bolsa con todo lo que puedan necesitar<\/strong> y as\u00ed conseguir que se entretengan durante el <strong>viaje<\/strong>.<\/p>\n<p>Para distribuir la <strong>carga en el maletero<\/strong>, las maletas o bultos grandes y pesados deben ir en la parte de abajo y poniendo encima y entre los huecos las cosas de menos peso o lo que se vaya a necesitar durante el viaje. Adem\u00e1s la carga hay que rodearla con una red anclada al suelo del maletero, los fabricantes de autom\u00f3viles ya a\u00f1aden unos ganchos en el maletero para poder anclar la red. El uso de la red favorecer\u00e1 a que el centro de gravedad no cambie y se mantenga lo m\u00e1s bajo posible adem\u00e1s tambi\u00e9n de no afectar a la estabilidad del veh\u00edculo.<\/p>\n<p><a href=\"https:\/\/www.buscadordetalleres.com\/blog\/wp-content\/uploads\/2017\/07\/untitledt___copia.png\"><img loading=\"lazy\" decoding=\"async\" class=\"size-full wp-image-1973 aligncenter\" src=\"https:\/\/www.buscadordetalleres.com\/blog\/wp-content\/uploads\/2017\/07\/untitledt___copia.png\" alt=\"\" width=\"566\" height=\"338\" srcset=\"https:\/\/buscadordetalleres.com\/blog\/wp-content\/uploads\/2017\/07\/untitledt___copia.png 566w, https:\/\/buscadordetalleres.com\/blog\/wp-content\/uploads\/2017\/07\/untitledt___copia-300x179.png 300w\" sizes=\"auto, (max-width: 566px) 100vw, 566px\" \/><\/a><\/p>\n<p>Si con el maletero no tenemos suficiente, podemos a\u00f1adir a nuestro veh\u00edculo en el techo las <strong>barras portaequipajes<\/strong> o como se conoce popularmente como baca para poder llevar una bicicleta u otro tipo de equipaje y siempre asegur\u00e1ndonos de que est\u00e1n bien colocados y perfectamente\u00a0 atados. Aunque lo ideal es un <strong>cofre de techo<\/strong>, tiene algo m\u00e1s de coste pero es m\u00e1s seguro y m\u00e1s c\u00f3modo tambi\u00e9n ya que mejora la aerodin\u00e1mica respecto a llevar la carga directamente en la baca, adem\u00e1s de menos ruido, consumo. Tambi\u00e9n por sujeci\u00f3n y por la menor posibilidad ante un golpe de viento que salga la carga despedida.<\/p>\n<p><a href=\"https:\/\/www.buscadordetalleres.com\/blog\/wp-content\/uploads\/2017\/07\/233999628_2.jpg\"><img loading=\"lazy\" decoding=\"async\" class=\"size-full wp-image-1970 aligncenter\" src=\"https:\/\/www.buscadordetalleres.com\/blog\/wp-content\/uploads\/2017\/07\/233999628_2.jpg\" alt=\"\" width=\"640\" height=\"360\" srcset=\"https:\/\/buscadordetalleres.com\/blog\/wp-content\/uploads\/2017\/07\/233999628_2.jpg 640w, https:\/\/buscadordetalleres.com\/blog\/wp-content\/uploads\/2017\/07\/233999628_2-300x169.jpg 300w\" sizes=\"auto, (max-width: 640px) 100vw, 640px\" \/><\/a><\/p>\n<p>Dentro de las variantes de cofres, tambi\u00e9n podemos encontrar el <strong>cofre para la parte trasera<\/strong> pero si el veh\u00edculo no lleva <strong>bola de remolque<\/strong> de f\u00e1brica, tendremos que a\u00f1adirla y es bastante cara y ya por ultimo seria la opci\u00f3n del <strong>carro portaequipajes<\/strong>. Esta \u00faltima opci\u00f3n tiene el inconveniente de que hay que circular m\u00e1s despacio adem\u00e1s de que las maniobras se complican y el consumo se eleva mucho, adem\u00e1s de que es caro y hay que tener sitio tanto en casa como en el destino para guardarlo.<\/p>\n<p>No nos olvidemos de nuestras <strong>mascotas<\/strong> que tambi\u00e9n son muy importantes y han de viajar de forma correcta.<\/p>\n<p>Y como hace unas semanas estuvimos hablando de consejos para viajar, un art\u00edculo donde reunimos nuestros mejores art\u00edculos para viajar, <a href=\"https:\/\/www.buscadordetalleres.com\/blog\/nos-vamos-de-viaje-os-dejamos-nuestros-mejores-consejos\/\" target=\"_blank\" rel=\"noopener noreferrer\">aqu\u00ed os dejamos el enlace<\/a><\/p>\n","protected":false},"excerpt":{"rendered":"<p>Estamos en \u00e9poca de verano y vacaciones y es hora de emprender nuestro viaje, en el post de hoy y antes de irnos de vacaciones os traemos unos consejos que os servir\u00e1n de ayuda para organizar correctamente el equipaje en vuestro veh\u00edculo. Hay que tener en cuenta que llevar el coche cargado afecta al comportamiento [&hellip;]<\/p>\n","protected":false},"author":1,"featured_media":1976,"comment_status":"open","ping_status":"open","sticky":false,"template":"","format":"standard","meta":{"sfsi_plus_gutenberg_text_before_share":"","sfsi_plus_gutenberg_show_text_before_share":"","sfsi_plus_gutenberg_icon_type":"","sfsi_plus_gutenberg_icon_alignemt":"","sfsi_plus_gutenburg_max_per_row":"","footnotes":""},"categories":[1,4,207],"tags":[356,354,47,355,353,48,357,352],"class_list":["post-1969","post","type-post","status-publish","format-standard","has-post-thumbnail","hentry","category-articulo-tecnico","category-noticias","category-nuevo-blog","tag-carga","tag-colocar","tag-consejos","tag-equipajes","tag-techo","tag-tips","tag-topics","tag-viaje"],"_links":{"self":[{"href":"https:\/\/buscadordetalleres.com\/blog\/wp-json\/wp\/v2\/posts\/1969","targetHints":{"allow":["GET"]}}],"collection":[{"href":"https:\/\/buscadordetalleres.com\/blog\/wp-json\/wp\/v2\/posts"}],"about":[{"href":"https:\/\/buscadordetalleres.com\/blog\/wp-json\/wp\/v2\/types\/post"}],"author":[{"embeddable":true,"href":"https:\/\/buscadordetalleres.com\/blog\/wp-json\/wp\/v2\/users\/1"}],"replies":[{"embeddable":true,"href":"https:\/\/buscadordetalleres.com\/blog\/wp-json\/wp\/v2\/comments?post=1969"}],"version-history":[{"count":8,"href":"https:\/\/buscadordetalleres.com\/blog\/wp-json\/wp\/v2\/posts\/1969\/revisions"}],"predecessor-version":[{"id":1985,"href":"https:\/\/buscadordetalleres.com\/blog\/wp-json\/wp\/v2\/posts\/1969\/revisions\/1985"}],"wp:featuredmedia":[{"embeddable":true,"href":"https:\/\/buscadordetalleres.com\/blog\/wp-json\/wp\/v2\/media\/1976"}],"wp:attachment":[{"href":"https:\/\/buscadordetalleres.com\/blog\/wp-json\/wp\/v2\/media?parent=1969"}],"wp:term":[{"taxonomy":"category","embeddable":true,"href":"https:\/\/buscadordetalleres.com\/blog\/wp-json\/wp\/v2\/categories?post=1969"},{"taxonomy":"post_tag","embeddable":true,"href":"https:\/\/buscadordetalleres.com\/blog\/wp-json\/wp\/v2\/tags?post=1969"}],"curies":[{"name":"wp","href":"https:\/\/api.w.org\/{rel}","templated":true}]}}