{"id":2065,"date":"2017-11-08T09:51:25","date_gmt":"2017-11-08T07:51:25","guid":{"rendered":"https:\/\/www.buscadordetalleres.com\/blog\/?p=2065"},"modified":"2017-11-08T10:07:36","modified_gmt":"2017-11-08T08:07:36","slug":"se-acerca-el-cierre-de-las-grandes-competiciones-del-motor","status":"publish","type":"post","link":"https:\/\/buscadordetalleres.com\/blog\/se-acerca-el-cierre-de-las-grandes-competiciones-del-motor\/","title":{"rendered":"Se acerca el cierre de las grandes competiciones del motor"},"content":{"rendered":"<p>Este fin de semana en el Circuito de la Comunidad Valenciana Ricardo Tormo (Valencia), se celebra la \u00faltima prueba d\u00f3nde se decidir\u00e1 el <strong>futuro campe\u00f3n del mundo de MotoGP 2017<\/strong>.<br \/>\nPor otro lado, en F1, Lewis Hamilton se proclam\u00f3 campe\u00f3n del mundo en el GP de M\u00e9xico de forma matem\u00e1tica a falta de dos carreras,<strong> Interlagos<\/strong> (Brasil) e <strong>Yas marina <\/strong>(Abu Dabi).<\/p>\n<p style=\"text-align: center;\"><a href=\"https:\/\/www.buscadordetalleres.com\/blog\/wp-content\/uploads\/2017\/11\/marc-marquez-andrea-dovizioso-duelo-epico-japon_15_970x597.jpg\"><img loading=\"lazy\" decoding=\"async\" class=\"alignnone size-full wp-image-2069\" src=\"https:\/\/www.buscadordetalleres.com\/blog\/wp-content\/uploads\/2017\/11\/marc-marquez-andrea-dovizioso-duelo-epico-japon_15_970x597.jpg\" alt=\"\" width=\"970\" height=\"597\" srcset=\"https:\/\/buscadordetalleres.com\/blog\/wp-content\/uploads\/2017\/11\/marc-marquez-andrea-dovizioso-duelo-epico-japon_15_970x597.jpg 970w, https:\/\/buscadordetalleres.com\/blog\/wp-content\/uploads\/2017\/11\/marc-marquez-andrea-dovizioso-duelo-epico-japon_15_970x597-300x185.jpg 300w, https:\/\/buscadordetalleres.com\/blog\/wp-content\/uploads\/2017\/11\/marc-marquez-andrea-dovizioso-duelo-epico-japon_15_970x597-768x473.jpg 768w\" sizes=\"auto, (max-width: 970px) 100vw, 970px\" \/><\/a><\/p>\n<p>A falta de unos d\u00edas del cierre del calendario de <strong>MotoGP<\/strong>, <strong>Marc M\u00e1rquez<\/strong> lidera en la general con <strong>282<\/strong> puntos contra los <strong>261<\/strong> de <strong>Andrea Dovizioso<\/strong>.<br \/>\nEl mundial se decidir\u00e1 en la \u00faltima carrera (Valencia), donde el vigente campe\u00f3n parte con una ventaja de <strong>21 puntos<\/strong>, es decir que a Dovizioso, solo le sirve ganar la carrera y que Marquez no clasifique <strong>dentro de los 11 primeros<\/strong>.<br \/>\nUn dato importante para esta carrera es que el italiano ha disputado 15 veces el gran premio de Valencia y en ninguna de ellas ha logrado la <strong>victoria<\/strong>, lo tendr\u00e1 muy dif\u00edcil.<\/p>\n<p>Pese a la dificultad de Dovizioso para poder lograr el t\u00edtulo, hay que recordar la temporada de 2006, donde tambi\u00e9n se decid\u00eda en la \u00faltima carrera y en el mismo escenario. En aquella ocasi\u00f3n <strong>Valentino Rossi<\/strong> se enfrentaba a <strong>Nicky Hayden<\/strong>, todo estaba de cara para el italiano, que solo necesitaba quedar entre los tres primeros para lograr el campeonato pero desafortunadamente cay\u00f3 en la quinta vuelta, lo cual le hizo quedar fuera de los 10 primeros.<br \/>\nEl norteamericano concluy\u00f3 tercero y se proclam\u00f3 <strong>campe\u00f3n del mundo<\/strong>. <a href=\"https:\/\/www.youtube.com\/watch?v=PPF9vQKQ9F4\" target=\"_blank\" rel=\"noopener\">Siempre recordado<\/a> por su gran carisma y entrega por este mundo.<\/p>\n<p><a href=\"https:\/\/www.buscadordetalleres.com\/blog\/wp-content\/uploads\/2017\/11\/636306258057177691-AP17137547775645.jpg\"><img loading=\"lazy\" decoding=\"async\" class=\"size-full wp-image-2066 aligncenter\" src=\"https:\/\/www.buscadordetalleres.com\/blog\/wp-content\/uploads\/2017\/11\/636306258057177691-AP17137547775645.jpg\" alt=\"\" width=\"534\" height=\"712\" srcset=\"https:\/\/buscadordetalleres.com\/blog\/wp-content\/uploads\/2017\/11\/636306258057177691-AP17137547775645.jpg 534w, https:\/\/buscadordetalleres.com\/blog\/wp-content\/uploads\/2017\/11\/636306258057177691-AP17137547775645-225x300.jpg 225w\" sizes=\"auto, (max-width: 534px) 100vw, 534px\" \/><\/a><\/p>\n<p>En el resto de categor\u00edas ya hay campeones del mundo, en <strong>Moto2<\/strong>, <strong>Franco Morbidelli<\/strong> se hac\u00eda con el t\u00edtulo en el Gran Premio de Malasia, con un dominio contundente durante toda la temporada, similar al que ha tenido <strong>Joan Mir<\/strong> en la categor\u00eda peque\u00f1a, <strong>Moto3<\/strong> que Logr\u00f3 su t\u00edtulo a falta de dos carreras.<\/p>\n<p>S\u00f3lo falta saber qui\u00e9n ser\u00e1 el campe\u00f3n de la categor\u00eda reina, <strong>\u00bfM\u00e1rquez o Dovizioso?<\/strong> Este domingo lo sabremos a partir de las <strong>14:00h<\/strong>.<\/p>\n<p><a href=\"https:\/\/www.buscadordetalleres.com\/blog\/wp-content\/uploads\/2017\/11\/DNVTgWaW0AAoEcO.jpg\"><img loading=\"lazy\" decoding=\"async\" class=\"size-large wp-image-2067 aligncenter\" src=\"https:\/\/www.buscadordetalleres.com\/blog\/wp-content\/uploads\/2017\/11\/DNVTgWaW0AAoEcO-1024x576.jpg\" alt=\"\" width=\"838\" height=\"471\" srcset=\"https:\/\/buscadordetalleres.com\/blog\/wp-content\/uploads\/2017\/11\/DNVTgWaW0AAoEcO-1024x576.jpg 1024w, https:\/\/buscadordetalleres.com\/blog\/wp-content\/uploads\/2017\/11\/DNVTgWaW0AAoEcO-300x169.jpg 300w, https:\/\/buscadordetalleres.com\/blog\/wp-content\/uploads\/2017\/11\/DNVTgWaW0AAoEcO-768x432.jpg 768w, https:\/\/buscadordetalleres.com\/blog\/wp-content\/uploads\/2017\/11\/DNVTgWaW0AAoEcO.jpg 1200w\" sizes=\"auto, (max-width: 838px) 100vw, 838px\" \/><\/a><\/p>\n<p>En el sector de F1, <strong>Lewis Hamilton<\/strong> ha sido campe\u00f3n del mundo por cuarta vez y consigue igualar a <strong>Sebastian Vettel<\/strong> y al franc\u00e9s <strong>Alain Prost<\/strong>. Solo <strong>Michael Schumacher<\/strong> (7) y <strong>Juan Manuel Fangio<\/strong> (5) est\u00e1n por encima de ellos.<br \/>\nA falta de dos carreras Hamilton se proclam\u00f3 campe\u00f3n del mundo matem\u00e1tico en un Gran Premio de M\u00e9xico con pol\u00e9mica en las primeras curvas, <strong>Max Verstappen <\/strong>fue el ganador y uno de los protagonistas en las primeras curvas, donde los dos pilotos que peleaban por el t\u00edtulo realizaron una parada en boxes por culpa de un toque en pista.<\/p>\n<p>Con este resultado Hamilton se mete de lleno entre los m\u00e1s grandes de la <strong>historia<\/strong>, junto a Sebastian Vettel, que de momento no logra su objetivo con <strong>Ferrari<\/strong>.<br \/>\nCon este resultado el brit\u00e1nico afirma que la escuder\u00eda <strong>Mercedes es la gran dominadora<\/strong> y a\u00fan no ha sido destronada.<\/p>\n<p>\u00bfPodremos tener un 2018 <strong>competido<\/strong> o ser\u00e1 dominando por la escuder\u00eda alemana? De momento tenemos las respuestas que busc\u00e1bamos a <a href=\"https:\/\/www.buscadordetalleres.com\/blog\/comienzan-las-grandes-competiciones-del-motor\/\" target=\"_blank\" rel=\"noopener\">principio de a\u00f1o<\/a>. \u00bfTendr\u00e1 opciones <strong>Dovizioso<\/strong>?<\/p>\n<p><strong>\u00a1Danos tu opini\u00f3n!<\/strong><\/p>\n<p>&nbsp;<\/p>\n<p>&nbsp;<\/p>\n","protected":false},"excerpt":{"rendered":"<p>Este fin de semana en el Circuito de la Comunidad Valenciana Ricardo Tormo (Valencia), se celebra la \u00faltima prueba d\u00f3nde se decidir\u00e1 el futuro campe\u00f3n del mundo de MotoGP 2017. Por otro lado, en F1, Lewis Hamilton se proclam\u00f3 campe\u00f3n del mundo en el GP de M\u00e9xico de forma matem\u00e1tica a falta de dos carreras, [&hellip;]<\/p>\n","protected":false},"author":1,"featured_media":2072,"comment_status":"open","ping_status":"open","sticky":false,"template":"","format":"standard","meta":{"sfsi_plus_gutenberg_text_before_share":"","sfsi_plus_gutenberg_show_text_before_share":"","sfsi_plus_gutenberg_icon_type":"","sfsi_plus_gutenberg_icon_alignemt":"","sfsi_plus_gutenburg_max_per_row":"","footnotes":""},"categories":[4,207],"tags":[378,377,64,380,381,382,383,265,384,379,154],"class_list":["post-2065","post","type-post","status-publish","format-standard","has-post-thumbnail","hentry","category-noticias","category-nuevo-blog","tag-automovilismo","tag-carrreras","tag-coches","tag-competiciones","tag-cronicas","tag-dovizioso","tag-fangio","tag-formula-1","tag-hamilton","tag-moto-gp","tag-motos"],"_links":{"self":[{"href":"https:\/\/buscadordetalleres.com\/blog\/wp-json\/wp\/v2\/posts\/2065","targetHints":{"allow":["GET"]}}],"collection":[{"href":"https:\/\/buscadordetalleres.com\/blog\/wp-json\/wp\/v2\/posts"}],"about":[{"href":"https:\/\/buscadordetalleres.com\/blog\/wp-json\/wp\/v2\/types\/post"}],"author":[{"embeddable":true,"href":"https:\/\/buscadordetalleres.com\/blog\/wp-json\/wp\/v2\/users\/1"}],"replies":[{"embeddable":true,"href":"https:\/\/buscadordetalleres.com\/blog\/wp-json\/wp\/v2\/comments?post=2065"}],"version-history":[{"count":4,"href":"https:\/\/buscadordetalleres.com\/blog\/wp-json\/wp\/v2\/posts\/2065\/revisions"}],"predecessor-version":[{"id":2074,"href":"https:\/\/buscadordetalleres.com\/blog\/wp-json\/wp\/v2\/posts\/2065\/revisions\/2074"}],"wp:featuredmedia":[{"embeddable":true,"href":"https:\/\/buscadordetalleres.com\/blog\/wp-json\/wp\/v2\/media\/2072"}],"wp:attachment":[{"href":"https:\/\/buscadordetalleres.com\/blog\/wp-json\/wp\/v2\/media?parent=2065"}],"wp:term":[{"taxonomy":"category","embeddable":true,"href":"https:\/\/buscadordetalleres.com\/blog\/wp-json\/wp\/v2\/categories?post=2065"},{"taxonomy":"post_tag","embeddable":true,"href":"https:\/\/buscadordetalleres.com\/blog\/wp-json\/wp\/v2\/tags?post=2065"}],"curies":[{"name":"wp","href":"https:\/\/api.w.org\/{rel}","templated":true}]}}