{"id":2301,"date":"2018-09-20T10:23:32","date_gmt":"2018-09-20T08:23:32","guid":{"rendered":"https:\/\/buscadordetalleres.com\/blog\/?p=2301"},"modified":"2018-09-20T10:23:32","modified_gmt":"2018-09-20T08:23:32","slug":"restricciones-al-trafico-en-madrid","status":"publish","type":"post","link":"https:\/\/buscadordetalleres.com\/blog\/restricciones-al-trafico-en-madrid\/","title":{"rendered":"Restricciones al tr\u00e1fico en Madrid"},"content":{"rendered":"<p><strong>\u00bfCu\u00e1ndo entran en vigor las restricciones al <a href=\"https:\/\/buscadordetalleres.com\/blog\/como-recurrir-una-multa-de-trafico\/\">tr\u00e1fico<\/a>?<\/strong><\/p>\n<p>El ayuntamiento de Madrid ha anunciado que el pr\u00f3ximo mes de noviembre de 2018 entrar\u00e1 en vigor el decreto que cerrar\u00e1 el centro al tr\u00e1fico.<\/p>\n<p>Durante los primeros meses, dispositivos de la Polic\u00eda Municipal y Agentes de Movilidad se\u00f1alar\u00e1n a los conductores la zona siempre con car\u00e1cter informativo, y a partir del mes de febrero de 2019, iniciar\u00e1 el control autom\u00e1tico y el env\u00edo de multas a quien no cumpla con la normativa.<\/p>\n<p><strong>\u00bfQu\u00e9 veh\u00edculos podr\u00e1n circular por el centro de Madrid?<\/strong><\/p>\n<p>&#8211;\u00a0Veh\u00edculos con autorizaci\u00f3n de residente del <strong>Servicio de Estacionamiento Regulado (SER)\u00a0<\/strong><\/p>\n<p>&#8211; Turismos con la\u00a0autorizaci\u00f3n <strong>Cero <a href=\"https:\/\/buscadordetalleres.com\/blog\/revision-pre-itv-iv-revision-de-emisiones-contaminantes\/\">Emisiones<\/a>\u00a0del SER.<\/strong><\/p>\n<p>&#8211;\u00a0Autotaxis<\/p>\n<p>&#8211; Veh\u00edculos de extinci\u00f3n de incendios,<strong>\u00a0protecci\u00f3n civil<\/strong>, salvamento,\u00a0<strong>polic\u00eda<\/strong>, agentes de movilidad y\u00a0<strong>ambulancias<\/strong>.<\/p>\n<p>&#8211; Bicicletas<\/p>\n<p>&#8211;\u00a0Motocicletas. Pero s\u00f3lo en horario\u00a0<strong>de 7:00 a 22:00\u00a0<\/strong>. Para circular en periodo nocturno deber\u00e1n obtener autorizaci\u00f3n para acceder.<\/p>\n<p>-Transporte p\u00fablico<\/p>\n<p>&#8211; Veh\u00edculos con<strong>\u00a0la autorizaci\u00f3n del Colectivo Cualificado de Empresas de Veh\u00edculos Multiusuarios o \u00abcarsharing\u00bb<\/strong>\u00a0del SER.<\/p>\n<p>&#8211;\u00a0Veh\u00edculos que estacionen en un parking (privado o p\u00fablico) o\u00a0establecimiento de hospedaje. En estos casos, el titular del parking o establecimiento de hospedaje tendr\u00e1 que tramitar la autorizaci\u00f3n de acceso.<\/p>\n<p>&#8211;\u00a0Veh\u00edculos con autorizaci\u00f3n de acceso.<\/p>\n<p><strong>\u00bfC\u00f3mo s\u00e9 si entro en una zona de tr\u00e1fico restringido?<\/strong><\/p>\n<p style=\"margin: 0cm; margin-bottom: .0001pt; text-align: justify; line-height: 21.0pt; vertical-align: baseline;\"><span style=\"font-family: 'Arial','sans-serif';\">Los accesos a las \u00c1reas de Prioridad Residencial estar\u00e1n indicados con una se\u00f1al rectangular de color blanco en la que se advierte del v\u00eddeo vigilancia. Adem\u00e1s, se apunta el barrio al que pertenece la <strong>APR.<\/strong><\/span><\/p>\n<div id=\"attachment_2302\" style=\"width: 610px\" class=\"wp-caption aligncenter\"><a href=\"https:\/\/buscadordetalleres.com\/blog\/wp-content\/uploads\/2018\/09\/Foto-se\u00f1al.jpg\" target=\"_blank\" rel=\"noopener\"><img loading=\"lazy\" decoding=\"async\" aria-describedby=\"caption-attachment-2302\" class=\"wp-image-2302\" src=\"https:\/\/buscadordetalleres.com\/blog\/wp-content\/uploads\/2018\/09\/Foto-se\u00f1al-1024x682.jpg\" alt=\"\" width=\"600\" height=\"400\" srcset=\"https:\/\/buscadordetalleres.com\/blog\/wp-content\/uploads\/2018\/09\/Foto-se\u00f1al.jpg 1024w, https:\/\/buscadordetalleres.com\/blog\/wp-content\/uploads\/2018\/09\/Foto-se\u00f1al-300x200.jpg 300w, https:\/\/buscadordetalleres.com\/blog\/wp-content\/uploads\/2018\/09\/Foto-se\u00f1al-768x512.jpg 768w, https:\/\/buscadordetalleres.com\/blog\/wp-content\/uploads\/2018\/09\/Foto-se\u00f1al-321x214.jpg 321w, https:\/\/buscadordetalleres.com\/blog\/wp-content\/uploads\/2018\/09\/Foto-se\u00f1al-140x94.jpg 140w\" sizes=\"auto, (max-width: 600px) 100vw, 600px\" \/><\/a><p id=\"caption-attachment-2302\" class=\"wp-caption-text\">Olmo Calvo. 22\/01\/2016 Madrid. Comunidad de Madrid Carteles anunciando el area de prioridad residencial (apr) del barrio de Las Letras.<\/p><\/div>\n<p><strong>\u00bfQu\u00e9 pasa si circulo por el Centro sin autorizaci\u00f3n?<\/strong><\/p>\n<p>Si una vez se implante el APR circulamos con un veh\u00edculo por el Centro que no cumpla la normativa nos enfrentaremos a una multa de 90 euros.<\/p>\n<p><strong>\u00bfQu\u00e9 calles comprende Madrid Central?<\/strong><\/p>\n<p>La medida afecta a 472 hect\u00e1reas. Comprender\u00e1 la calle de Alberto Aguilera, glorieta de Ruiz Jim\u00e9nez, Carranza, glorieta de Bilbao, Sagasta, plaza de Alonso Mart\u00ednez, G\u00e9nova, Col\u00f3n, paseo de Recoletos, plaza de Cibeles, paseo del Prado, C\u00e1novas del Castillo (Neptuno), paseo del Emperador Carlos V, ronda de Atocha, ronda de Valencia, glorieta de Embajadores, ronda de Toledo, Puerta de Toledo, ronda de Segovia, cuesta de la Vega, calle Mayor, calle Bail\u00e9n, plaza de Espa\u00f1a, calle Princesa y calle Serrano Jover.<\/p>\n<p><a href=\"https:\/\/buscadordetalleres.com\/blog\/wp-content\/uploads\/2018\/09\/Foto-centro.jpg\" target=\"_blank\" rel=\"noopener\"><img loading=\"lazy\" decoding=\"async\" class=\"aligncenter wp-image-2303\" src=\"https:\/\/buscadordetalleres.com\/blog\/wp-content\/uploads\/2018\/09\/Foto-centro.jpg\" alt=\"\" width=\"600\" height=\"401\" srcset=\"https:\/\/buscadordetalleres.com\/blog\/wp-content\/uploads\/2018\/09\/Foto-centro.jpg 939w, https:\/\/buscadordetalleres.com\/blog\/wp-content\/uploads\/2018\/09\/Foto-centro-300x201.jpg 300w, https:\/\/buscadordetalleres.com\/blog\/wp-content\/uploads\/2018\/09\/Foto-centro-768x514.jpg 768w, https:\/\/buscadordetalleres.com\/blog\/wp-content\/uploads\/2018\/09\/Foto-centro-321x214.jpg 321w, https:\/\/buscadordetalleres.com\/blog\/wp-content\/uploads\/2018\/09\/Foto-centro-140x94.jpg 140w\" sizes=\"auto, (max-width: 600px) 100vw, 600px\" \/><\/a><\/p>\n<p><strong>\u00bfHay que empadronarse para circular?<\/strong><\/p>\n<p><strong>S\u00ed.<\/strong> Como norma general, solo podr\u00e1n acceder y circular libremente por Madrid Central los veh\u00edculos de personas empadronadas en esta zona, que podr\u00e1n aparcar en el barrio como han estado haciendo hasta ahora. Tambi\u00e9n los invitados (un m\u00e1ximo de 20 al mes).<\/p>\n<p><strong>\u00bfD\u00f3nde se pedir\u00e1n las invitaciones para circular por la zona afectada?<\/strong><\/p>\n<p>Las invitaciones deber\u00e1n pedirse en la web del Ayuntamiento de Madrid, aunque todav\u00eda este servicio no est\u00e1 disponible. A partir de 2020, los invitados deben de tener obligatoriamente etiqueta ambiental.<\/p>\n","protected":false},"excerpt":{"rendered":"<p>\u00bfCu\u00e1ndo entran en vigor las restricciones al tr\u00e1fico? El ayuntamiento de Madrid ha anunciado que el pr\u00f3ximo mes de noviembre de 2018 entrar\u00e1 en vigor el decreto que cerrar\u00e1 el centro al tr\u00e1fico. Durante los primeros meses, dispositivos de la Polic\u00eda Municipal y Agentes de Movilidad se\u00f1alar\u00e1n a los conductores la zona siempre con car\u00e1cter [&hellip;]<\/p>\n","protected":false},"author":1,"featured_media":2304,"comment_status":"open","ping_status":"open","sticky":false,"template":"","format":"standard","meta":{"sfsi_plus_gutenberg_text_before_share":"","sfsi_plus_gutenberg_show_text_before_share":"","sfsi_plus_gutenberg_icon_type":"","sfsi_plus_gutenberg_icon_alignemt":"","sfsi_plus_gutenburg_max_per_row":"","footnotes":""},"categories":[4,207],"tags":[440,296,193,96,146,99],"class_list":["post-2301","post","type-post","status-publish","format-standard","has-post-thumbnail","hentry","category-noticias","category-nuevo-blog","tag-apr","tag-direccion-general-de-trafico","tag-multas","tag-noticias","tag-senales-verticales","tag-transporte-publico"],"_links":{"self":[{"href":"https:\/\/buscadordetalleres.com\/blog\/wp-json\/wp\/v2\/posts\/2301","targetHints":{"allow":["GET"]}}],"collection":[{"href":"https:\/\/buscadordetalleres.com\/blog\/wp-json\/wp\/v2\/posts"}],"about":[{"href":"https:\/\/buscadordetalleres.com\/blog\/wp-json\/wp\/v2\/types\/post"}],"author":[{"embeddable":true,"href":"https:\/\/buscadordetalleres.com\/blog\/wp-json\/wp\/v2\/users\/1"}],"replies":[{"embeddable":true,"href":"https:\/\/buscadordetalleres.com\/blog\/wp-json\/wp\/v2\/comments?post=2301"}],"version-history":[{"count":1,"href":"https:\/\/buscadordetalleres.com\/blog\/wp-json\/wp\/v2\/posts\/2301\/revisions"}],"predecessor-version":[{"id":2305,"href":"https:\/\/buscadordetalleres.com\/blog\/wp-json\/wp\/v2\/posts\/2301\/revisions\/2305"}],"wp:featuredmedia":[{"embeddable":true,"href":"https:\/\/buscadordetalleres.com\/blog\/wp-json\/wp\/v2\/media\/2304"}],"wp:attachment":[{"href":"https:\/\/buscadordetalleres.com\/blog\/wp-json\/wp\/v2\/media?parent=2301"}],"wp:term":[{"taxonomy":"category","embeddable":true,"href":"https:\/\/buscadordetalleres.com\/blog\/wp-json\/wp\/v2\/categories?post=2301"},{"taxonomy":"post_tag","embeddable":true,"href":"https:\/\/buscadordetalleres.com\/blog\/wp-json\/wp\/v2\/tags?post=2301"}],"curies":[{"name":"wp","href":"https:\/\/api.w.org\/{rel}","templated":true}]}}