{"id":3160,"date":"2022-09-09T10:00:12","date_gmt":"2022-09-09T08:00:12","guid":{"rendered":"https:\/\/buscadordetalleres.com\/blog\/?p=3160"},"modified":"2022-09-09T10:00:15","modified_gmt":"2022-09-09T08:00:15","slug":"que-significan-las-nomenclaturas-de-bmw","status":"publish","type":"post","link":"https:\/\/buscadordetalleres.com\/blog\/que-significan-las-nomenclaturas-de-bmw\/","title":{"rendered":"\u00bfQu\u00e9 significan las nomenclaturas de BMW?"},"content":{"rendered":"\n<p>Detr\u00e1s de las <strong>designaciones<\/strong> dadas por el fabricante alem\u00e1n para sus modelos existe una larga tradici\u00f3n, pero no siempre se cumple que se sepa su significado. A continuaci\u00f3n, descodificaremos cada letra y cada n\u00famero con tal de poder reconocer r\u00e1pidamente las <strong>caracter\u00edsticas principales<\/strong> de los <strong>veh\u00edculos de BMW<\/strong>.<\/p>\n\n\n\n<div class=\"wp-block-image\"><figure class=\"aligncenter size-large\"><img loading=\"lazy\" decoding=\"async\" width=\"917\" height=\"618\" src=\"https:\/\/buscadordetalleres.com\/blog\/wp-content\/uploads\/2022\/09\/01.jpg\" alt=\"\" class=\"wp-image-3161\" srcset=\"https:\/\/buscadordetalleres.com\/blog\/wp-content\/uploads\/2022\/09\/01.jpg 917w, https:\/\/buscadordetalleres.com\/blog\/wp-content\/uploads\/2022\/09\/01-300x202.jpg 300w, https:\/\/buscadordetalleres.com\/blog\/wp-content\/uploads\/2022\/09\/01-768x518.jpg 768w, https:\/\/buscadordetalleres.com\/blog\/wp-content\/uploads\/2022\/09\/01-140x94.jpg 140w\" sizes=\"auto, (max-width: 917px) 100vw, 917px\" \/><\/figure><\/div>\n\n\n\n<p>Si queremos saber estos datos, podemos tomar como ejemplo el nombre del BMW <strong>420i Coup\u00e9<\/strong>. El <strong>primer n\u00famero<\/strong> de esta combinaci\u00f3n de <strong>tres d\u00edgitos<\/strong> se refiere al segmento o la serie del modelo. Cuanto mayor sea el n\u00famero, m\u00e1s alta ser\u00e1 la jerarqu\u00eda de ese modelo dentro de la marca, al mismo tiempo que el <strong>n\u00famero par<\/strong> puede ser m\u00e1s indicativo de un dise\u00f1o muy deportivo, al contrario de si se hubiera tratado de un <strong>n\u00famero impar<\/strong>. El <strong>sobrenombre<\/strong> que lleva despu\u00e9s de la designaci\u00f3n sirve para aclarar todav\u00eda m\u00e1s el tipo de coche que es, pudiendo diferenciar as\u00ed entre versiones cup\u00e9 o descapotable, por ejemplo. Este adjetivo no siempre es visible en el nombre del modelo, pues el dise\u00f1o en s\u00ed ya consigue distinguirlos con solo una mirada, pero s\u00ed se emplean para los SAV (veh\u00edculos para actividades deportivas), SAC (cup\u00e9s para actividades deportivas) y convertibles, incorporando estos las siglas X o Z.<\/p>\n\n\n\n<p>Las <strong>siguientes dos cifras<\/strong>, en este caso, 20, hacen referencia a la <strong>potencia<\/strong> en kW seg\u00fan su cilindrada virtual (comparaci\u00f3n proporcionada respecto a la nomenclatura antigua basada en la cilindrada real). As\u00ed, 20 indica que el veh\u00edculo dispone de una potencia aproximada de 131 kW (170 CV) a 140 kW (190 CV).<\/p>\n\n\n\n<p>La <strong>\u00faltima posici\u00f3n<\/strong> del nombre da lugar a la identificaci\u00f3n del tipo de motor, siendo \u201ci\u201d para los de motor de inyecci\u00f3n de gasolina, \u201cd\u201d para los di\u00e9sel y \u201ce\u201d para los h\u00edbridos enchufables. La distinci\u00f3n <strong>xDrive<\/strong> al final del nombre, adem\u00e1s, indica que el veh\u00edculo equipa tracci\u00f3n a las cuatro ruedas. Por otro lado, en los modelos X y Z, se especifica cuando es <a href=\"https:\/\/buscadordetalleres.com\/blog\/ivtm-impuesto-sobre-vehiculos-de-traccion-mecanica\/\" target=\"_blank\" rel=\"noreferrer noopener\">tracci\u00f3n <\/a>delantera con el adjetivo <strong>sDrive<\/strong>.<\/p>\n\n\n\n<p>Con la llegada de la <strong>electromovilidad<\/strong>, BMW decidi\u00f3 crear la submarca con la <strong>letra \u201ci\u201d<\/strong> de innovaci\u00f3n, por lo que los <a rel=\"noreferrer noopener\" href=\"https:\/\/buscadordetalleres.com\/blog\/la-importancia-del-efecto-invernadero-en-la-fabricacion-de-nuevos-vehiculos\/\" target=\"_blank\">veh\u00edculos<\/a> totalmente <a href=\"https:\/\/buscadordetalleres.com\/blog\/historia-del-vehiculo-electrico\/\" target=\"_blank\" rel=\"noreferrer noopener\">el\u00e9ctricos <\/a>(BEV, por sus siglas en ingl\u00e9s), son denominados como sus hom\u00f3logos de combusti\u00f3n interna, pero anteponiendo la letra al nombre com\u00fan. Como excepci\u00f3n, se encuentra el BMW iX, siendo este el modelo emblema de los veh\u00edculos el\u00e9ctricos del fabricante y no disponiendo de ninguna identificaci\u00f3n de segmento.<\/p>\n\n\n\n<div class=\"wp-block-image\"><figure class=\"aligncenter size-large\"><img loading=\"lazy\" decoding=\"async\" width=\"1024\" height=\"577\" src=\"https:\/\/buscadordetalleres.com\/blog\/wp-content\/uploads\/2022\/09\/02-1024x577.png\" alt=\"\" class=\"wp-image-3162\" srcset=\"https:\/\/buscadordetalleres.com\/blog\/wp-content\/uploads\/2022\/09\/02-1024x577.png 1024w, https:\/\/buscadordetalleres.com\/blog\/wp-content\/uploads\/2022\/09\/02-300x169.png 300w, https:\/\/buscadordetalleres.com\/blog\/wp-content\/uploads\/2022\/09\/02-768x433.png 768w, https:\/\/buscadordetalleres.com\/blog\/wp-content\/uploads\/2022\/09\/02.png 1280w\" sizes=\"auto, (max-width: 1024px) 100vw, 1024px\" \/><\/figure><\/div>\n\n\n\n<p>Menci\u00f3n tambi\u00e9n merece la <strong>sigla M<\/strong>, la cual ha sido sin\u00f3nimo de rendimiento y car\u00e1cter especialmente deportivo ya desde el principio de los a\u00f1os 70. Este distintivo se hace visible en la carrocer\u00eda del veh\u00edculo en un emblema que junta la letra con tres franjas de colores inclinadas. En los <strong>M Performance<\/strong>, la M aparece delante del nombre del modelo, como por ejemplo en el M340i. A su vez, en los modelos X y Z, la \u201cM\u201d se interpone antes del nombre del veh\u00edculo, como ocurre por ejemplo en el X5 M50i. Distinta estructura de nomenclatura llevan los <strong>M High Performance<\/strong>, no incluyendo estos cifras que proporcionen informaci\u00f3n sobre su potencia, tipo de motor o variante; en este caso, podemos encontrar el BMW M2 o el BMW X5 M, a\u00f1adiendo la M despu\u00e9s del nombre si se trata de un modelo de la serie X o Z.<\/p>\n\n\n\n<p>Para la <strong>designaci\u00f3n de los motores<\/strong>, se utiliza un <a href=\"https:\/\/buscadordetalleres.com\/blog\/reflexion-sobre-los-codigos-eticos-de-la-conduccion-autonoma\/\" target=\"_blank\" rel=\"noreferrer noopener\">c\u00f3digo <\/a>corto que contiene \u00edndices relativos a distintas caracter\u00edsticas del motor. La siguiente tabla explica el significado de dichos \u00edndices:<\/p>\n\n\n\n<div class=\"wp-block-image\"><figure class=\"aligncenter size-large\"><img loading=\"lazy\" decoding=\"async\" width=\"725\" height=\"602\" src=\"https:\/\/buscadordetalleres.com\/blog\/wp-content\/uploads\/2022\/09\/03.jpg\" alt=\"\" class=\"wp-image-3163\" srcset=\"https:\/\/buscadordetalleres.com\/blog\/wp-content\/uploads\/2022\/09\/03.jpg 725w, https:\/\/buscadordetalleres.com\/blog\/wp-content\/uploads\/2022\/09\/03-300x249.jpg 300w\" sizes=\"auto, (max-width: 725px) 100vw, 725px\" \/><\/figure><\/div>\n\n\n\n<p>Espero que, le\u00eddo este breve art\u00edculo, pod\u00e1is relacionar correctamente una nomenclatura de modelo o motor de BMW.<\/p>\n\n\n\n<p>\u00a1Hasta el pr\u00f3ximo post!<\/p>\n\n\n\n<p><\/p>\n","protected":false},"excerpt":{"rendered":"<p>Detr\u00e1s de las designaciones dadas por el fabricante alem\u00e1n para sus modelos existe una larga tradici\u00f3n, pero no siempre se cumple que se sepa su significado. A continuaci\u00f3n, descodificaremos cada letra y cada n\u00famero con tal de poder reconocer r\u00e1pidamente las caracter\u00edsticas principales de los veh\u00edculos de BMW. Si queremos saber estos datos, podemos tomar [&hellip;]<\/p>\n","protected":false},"author":2,"featured_media":3164,"comment_status":"open","ping_status":"open","sticky":false,"template":"","format":"standard","meta":{"sfsi_plus_gutenberg_text_before_share":"","sfsi_plus_gutenberg_show_text_before_share":"","sfsi_plus_gutenberg_icon_type":"","sfsi_plus_gutenberg_icon_alignemt":"","sfsi_plus_gutenburg_max_per_row":"","footnotes":""},"categories":[1,207],"tags":[281,602,511,496],"class_list":["post-3160","post","type-post","status-publish","format-standard","has-post-thumbnail","hentry","category-articulo-tecnico","category-nuevo-blog","tag-bmw","tag-inyeccion-de-gasolina","tag-motores","tag-potencia"],"_links":{"self":[{"href":"https:\/\/buscadordetalleres.com\/blog\/wp-json\/wp\/v2\/posts\/3160","targetHints":{"allow":["GET"]}}],"collection":[{"href":"https:\/\/buscadordetalleres.com\/blog\/wp-json\/wp\/v2\/posts"}],"about":[{"href":"https:\/\/buscadordetalleres.com\/blog\/wp-json\/wp\/v2\/types\/post"}],"author":[{"embeddable":true,"href":"https:\/\/buscadordetalleres.com\/blog\/wp-json\/wp\/v2\/users\/2"}],"replies":[{"embeddable":true,"href":"https:\/\/buscadordetalleres.com\/blog\/wp-json\/wp\/v2\/comments?post=3160"}],"version-history":[{"count":2,"href":"https:\/\/buscadordetalleres.com\/blog\/wp-json\/wp\/v2\/posts\/3160\/revisions"}],"predecessor-version":[{"id":3167,"href":"https:\/\/buscadordetalleres.com\/blog\/wp-json\/wp\/v2\/posts\/3160\/revisions\/3167"}],"wp:featuredmedia":[{"embeddable":true,"href":"https:\/\/buscadordetalleres.com\/blog\/wp-json\/wp\/v2\/media\/3164"}],"wp:attachment":[{"href":"https:\/\/buscadordetalleres.com\/blog\/wp-json\/wp\/v2\/media?parent=3160"}],"wp:term":[{"taxonomy":"category","embeddable":true,"href":"https:\/\/buscadordetalleres.com\/blog\/wp-json\/wp\/v2\/categories?post=3160"},{"taxonomy":"post_tag","embeddable":true,"href":"https:\/\/buscadordetalleres.com\/blog\/wp-json\/wp\/v2\/tags?post=3160"}],"curies":[{"name":"wp","href":"https:\/\/api.w.org\/{rel}","templated":true}]}}