{"id":562,"date":"2015-03-04T11:24:14","date_gmt":"2015-03-04T11:24:14","guid":{"rendered":"http:\/\/buscadordetalleres.com\/blog\/?p=562"},"modified":"2015-05-12T16:26:21","modified_gmt":"2015-05-12T16:26:21","slug":"la-dgt-aumenta-la-vigilancia-a-furgonetas-furgones-vehiculos-mixtos-y-derivados-de-turismos","status":"publish","type":"post","link":"https:\/\/buscadordetalleres.com\/blog\/la-dgt-aumenta-la-vigilancia-a-furgonetas-furgones-vehiculos-mixtos-y-derivados-de-turismos\/","title":{"rendered":"La DGT aumenta la vigilancia a furgonetas, furgones, veh\u00edculos mixtos y derivados de turismos"},"content":{"rendered":"<p>Debido a la <strong>alta siniestralidad<\/strong> de este tipo de veh\u00edculos usados como transporte y el aumento de su utilizaci\u00f3n como turismo, la DGT establece:<\/p>\n<ul>\n<li>Se efectuar\u00e1n <strong>puntos de control en carreteras<\/strong>, sobre todo convencionales y en zonas pr\u00f3ximas a los pol\u00edgonos industriales, lugares de carga y descarga y centros comerciales.<\/li>\n<li>Sus <strong>caracter\u00edsticas son diferentes y no se conducen igual<\/strong>, aun as\u00ed se pueden conducir con el mismo permiso de los turismos.<\/li>\n<li><strong>Se controlar\u00e1, incluso de noche<\/strong>, la velocidad, documentaci\u00f3n, carga, ITV, alcohol y drogas.<\/li>\n<li>Se estima que la antig\u00fcedad del parque de furgonetas en un 41% superior a 15 a\u00f1os.<\/li>\n<\/ul>\n<p><a href=\"http:\/\/buscadordetalleres.com\/blog\/wp-content\/uploads\/2015\/03\/Furgonetas-clasicas-Volkswagen_TINIMA20120405_0245_5.jpg\"><img loading=\"lazy\" decoding=\"async\" class=\"La DGT aumenta la vigilancia a furgonetas, furgones, veh\u00edculos mixtos y derivados de turismos aligncenter wp-image-563\" title=\"La DGT aumenta la vigilancia a furgonetas, furgones, veh\u00edculos mixtos y derivados de turismos\" src=\"http:\/\/buscadordetalleres.com\/blog\/wp-content\/uploads\/2015\/03\/Furgonetas-clasicas-Volkswagen_TINIMA20120405_0245_5-300x168.jpg\" alt=\"La DGT aumenta la vigilancia a furgonetas, furgones, veh\u00edculos mixtos y derivados de turismos\" width=\"332\" height=\"186\" srcset=\"https:\/\/buscadordetalleres.com\/blog\/wp-content\/uploads\/2015\/03\/Furgonetas-clasicas-Volkswagen_TINIMA20120405_0245_5-300x168.jpg 300w, https:\/\/buscadordetalleres.com\/blog\/wp-content\/uploads\/2015\/03\/Furgonetas-clasicas-Volkswagen_TINIMA20120405_0245_5.jpg 627w\" sizes=\"auto, (max-width: 332px) 100vw, 332px\" \/><\/a><\/p>\n<p>&nbsp;<\/p>\n<p><strong>Parecidos pero diferentes<\/strong><!--more--><\/p>\n<p>Este tipo de veh\u00edculos tienen unas <strong>caracter\u00edsticas din\u00e1micas y de utilizaci\u00f3n distintas<\/strong> a otros veh\u00edculos que las hace diferentes, no solo en lo que se refiere a la <strong>conducci\u00f3n<\/strong> sino tambi\u00e9n a la <strong>siniestralidad.<\/strong><\/p>\n<ul>\n<li>Las <strong>velocidades m\u00e1ximas<\/strong> a las que pueden circular este tipo de veh\u00edculos es distinta a la de los turismos, se recoge as\u00ed en el art. 48 del Reglamento de Circulaci\u00f3n.<\/li>\n<\/ul>\n<p style=\"text-align: center;\"><strong>Veh\u00edculos derivados de turismo y veh\u00edculos mixtos adaptables<\/strong><\/p>\n<p style=\"text-align: center;\">Autopista\/Autov\u00eda\u2026\u2026\u2026\u2026\u2026\u2026\u2026\u2026\u2026\u2026\u2026\u2026\u2026\u2026\u2026\u2026100 Km\/h<\/p>\n<p style=\"text-align: center;\">V\u00eda convencional con 1,5 metro de arc\u00e9n\u2026\u2026\u2026\u2026\u2026\u2026 \u00a0\u00a090 Km\/h<\/p>\n<p style=\"text-align: center;\">Resto de v\u00edas fuera de poblado\u2026\u2026\u2026\u2026\u2026\u2026\u2026\u2026\u2026\u2026\u00a0\u00a0\u00a0 80 Km\/h<\/p>\n<p style=\"text-align: center;\"><strong>Furgones<\/strong><\/p>\n<p style=\"text-align: center;\">Autopista\/Autov\u00eda\u2026\u2026\u2026\u2026\u2026\u2026\u2026\u2026\u2026\u2026\u2026\u2026\u2026\u2026\u2026\u2026.\u00a0 90 Km\/h<\/p>\n<p style=\"text-align: center;\">V\u00eda convencional con 1,5 metro de arc\u00e9n\u2026\u2026\u2026\u2026\u2026&#8230;\u00a0 80 Km\/h<\/p>\n<p style=\"text-align: center;\">Resto v\u00edas fuera de poblado\u2026\u2026\u2026\u2026\u2026\u2026\u2026\u2026\u2026\u2026&#8230;..\u00a0 70 Km\/h<\/p>\n<p>&nbsp;<\/p>\n<p><a href=\"http:\/\/buscadordetalleres.com\/blog\/wp-content\/uploads\/2015\/03\/article-habra-radares-especificos-furgonetas-camiones-102876-54ca0115c8d25.jpg\"><img loading=\"lazy\" decoding=\"async\" class=\"La DGT aumenta la vigilancia a furgonetas, furgones, veh\u00edculos mixtos y derivados de turismos aligncenter wp-image-564\" title=\"La DGT aumenta la vigilancia a furgonetas, furgones, veh\u00edculos mixtos y derivados de turismos\" src=\"http:\/\/buscadordetalleres.com\/blog\/wp-content\/uploads\/2015\/03\/article-habra-radares-especificos-furgonetas-camiones-102876-54ca0115c8d25-300x168.jpg\" alt=\"La DGT aumenta la vigilancia a furgonetas, furgones, veh\u00edculos mixtos y derivados de turismos\" width=\"355\" height=\"199\" srcset=\"https:\/\/buscadordetalleres.com\/blog\/wp-content\/uploads\/2015\/03\/article-habra-radares-especificos-furgonetas-camiones-102876-54ca0115c8d25-300x168.jpg 300w, https:\/\/buscadordetalleres.com\/blog\/wp-content\/uploads\/2015\/03\/article-habra-radares-especificos-furgonetas-camiones-102876-54ca0115c8d25.jpg 859w\" sizes=\"auto, (max-width: 355px) 100vw, 355px\" \/><\/a><\/p>\n<p>&nbsp;<\/p>\n<p>Suelen ser utilizados para el transporte r\u00e1pido de mercanc\u00edas, de ah\u00ed que sea un veh\u00edculo principalmente de uso laboral.<\/p>\n<p>&nbsp;<\/p>\n<ul>\n<li><strong>No llevan tac\u00f3grafos ni limitadores de velocidad<\/strong>, por lo que sus conductores pueden conducir muchas m\u00e1s horas, sin posibilidad de verificaci\u00f3n por parte de los agentes. La normativa de los veh\u00edculos pesados no afecta a este tipo de veh\u00edculos.<\/li>\n<\/ul>\n<p>&nbsp;<\/p>\n<ul>\n<li><strong>El peso total del veh\u00edculo es dos o tres veces m\u00e1s elevado que el de un turismo<\/strong>, afectando a su conducci\u00f3n y que no siempre se tiene en cuenta. Su altura suele ser mayor con lo que su centro de gravedad es m\u00e1s alto y por lo tanto<strong> m\u00e1s inestables y m\u00e1s sensibles a vientos laterales.<\/strong><\/li>\n<\/ul>\n<p>&nbsp;<\/p>\n<ul>\n<li>La<strong> correcta sujeci\u00f3n de la carga es vital<\/strong> en caso de accidente tanto para la persona que ocasiona el mismo como para los ocupantes del otro veh\u00edculo o veh\u00edculos implicados. Hay que sujetarla y distribuirla <strong>uniformemente<\/strong>, colocando los objetos de mayor peso sobre la plataforma interior, entre los dos ejes.<\/li>\n<\/ul>\n<p>Debido a la importancia de colocar la carga, la DGT edit\u00f3 un video informativo de c\u00f3mo hacerlo. Se puede ver en el canal de Youtube de la DGT. <a href=\"https:\/\/www.youtube.com\/watch?v=qxgoeMhQcc8\" target=\"_blank\">Haz clic aqu\u00ed para verlo.<\/a><\/p>\n<p>&nbsp;<\/p>\n<p><a href=\"http:\/\/buscadordetalleres.com\/blog\/wp-content\/uploads\/2015\/03\/Furgoneta-robada-para-transpor_54390990947_53389389549_600_396.jpg\"><img loading=\"lazy\" decoding=\"async\" class=\"La DGT aumenta la vigilancia a furgonetas, furgones, veh\u00edculos mixtos y derivados de turismos aligncenter wp-image-565\" title=\"La DGT aumenta la vigilancia a furgonetas, furgones, veh\u00edculos mixtos y derivados de turismos\" src=\"http:\/\/buscadordetalleres.com\/blog\/wp-content\/uploads\/2015\/03\/Furgoneta-robada-para-transpor_54390990947_53389389549_600_396-300x197.jpg\" alt=\"La DGT aumenta la vigilancia a furgonetas, furgones, veh\u00edculos mixtos y derivados de turismos\" width=\"350\" height=\"230\" srcset=\"https:\/\/buscadordetalleres.com\/blog\/wp-content\/uploads\/2015\/03\/Furgoneta-robada-para-transpor_54390990947_53389389549_600_396-300x197.jpg 300w, https:\/\/buscadordetalleres.com\/blog\/wp-content\/uploads\/2015\/03\/Furgoneta-robada-para-transpor_54390990947_53389389549_600_396.jpg 600w\" sizes=\"auto, (max-width: 350px) 100vw, 350px\" \/><\/a><\/p>\n<p>&nbsp;<\/p>\n<ul>\n<li><strong>A mayor masa de la furgoneta, mayor distancia de seguridad<\/strong> para detener el veh\u00edculo a tiempo ante cualquier imprevisto.<\/li>\n<\/ul>\n<p>&nbsp;<\/p>\n<ul>\n<li>Debido a la antig\u00fcedad del parque es importante un a<strong>decuado mantenimiento y superar la ITV<\/strong> es esencial para garantizar que se realiza el desplazamiento con seguridad.<\/li>\n<\/ul>\n<p>&nbsp;<\/p>\n<p style=\"text-align: center;\"><strong>La periodicidad de la ITV para veh\u00edculos ligeros y derivados de turismo:<\/strong><\/p>\n<p>&nbsp;<\/p>\n<p style=\"text-align: center;\">\u00a0 \u00a0 \u00a0 \u00a0 \u00a0 \u00a0 \u00a0 \u00a0 \u00a0 <strong>\u00a0 \u00a0Matriculaci\u00f3n<\/strong> \u00a0 \u00a0 \u00a0 \u00a0 \u00a0 \u00a0 \u00a0 \u00a0 \u00a0 \u00a0 \u00a0 \u00a0 \u00a0<strong>Periodicidad<\/strong><\/p>\n<p style=\"text-align: center;\">\u00a0 \u00a0 \u00a0 \u00a0 \u00a0 \u00a0 Menos de dos a\u00f1os\u00a0\u00a0\u00a0\u00a0\u00a0\u00a0\u00a0\u00a0\u00a0\u00a0\u00a0\u00a0\u00a0\u00a0\u00a0\u00a0\u00a0\u00a0\u00a0\u00a0\u00a0\u00a0\u00a0\u00a0\u00a0\u00a0\u00a0\u00a0\u00a0 Exento<\/p>\n<p style=\"text-align: center;\">\u00a0\u00a0\u00a0\u00a0\u00a0\u00a0\u00a0\u00a0\u00a0\u00a0\u00a0\u00a0\u00a0\u00a0\u00a0\u00a0 De 2 a 6 a\u00f1os\u00a0\u00a0\u00a0\u00a0\u00a0\u00a0\u00a0\u00a0\u00a0\u00a0\u00a0\u00a0\u00a0\u00a0\u00a0\u00a0\u00a0\u00a0\u00a0\u00a0\u00a0\u00a0\u00a0\u00a0\u00a0\u00a0\u00a0\u00a0\u00a0\u00a0\u00a0\u00a0\u00a0 2 a\u00f1os<\/p>\n<p style=\"text-align: center;\">\u00a0\u00a0\u00a0\u00a0\u00a0\u00a0\u00a0\u00a0\u00a0\u00a0\u00a0\u00a0\u00a0\u00a0 De 6 a 10 a\u00f1os\u00a0\u00a0\u00a0\u00a0\u00a0\u00a0\u00a0\u00a0\u00a0\u00a0\u00a0\u00a0\u00a0\u00a0\u00a0\u00a0\u00a0\u00a0\u00a0\u00a0\u00a0\u00a0\u00a0\u00a0\u00a0\u00a0\u00a0\u00a0\u00a0\u00a0\u00a0\u00a0\u00a0 1 a\u00f1o<\/p>\n<p style=\"text-align: center;\">\u00a0\u00a0\u00a0\u00a0\u00a0\u00a0\u00a0\u00a0\u00a0\u00a0\u00a0\u00a0\u00a0 M\u00e1s de 10 a\u00f1os\u00a0\u00a0\u00a0\u00a0\u00a0\u00a0\u00a0\u00a0\u00a0\u00a0\u00a0\u00a0\u00a0\u00a0\u00a0\u00a0\u00a0\u00a0\u00a0\u00a0\u00a0\u00a0\u00a0\u00a0\u00a0\u00a0\u00a0\u00a0\u00a0\u00a0 6 meses<\/p>\n<p><a href=\"http:\/\/buscadordetalleres.com\/blog\/wp-content\/uploads\/2015\/03\/sava_3.jpg\"><img loading=\"lazy\" decoding=\"async\" class=\"La DGT aumenta la vigilancia a furgonetas, furgones, veh\u00edculos mixtos y derivados de turismos aligncenter wp-image-566\" title=\"La DGT aumenta la vigilancia a furgonetas, furgones, veh\u00edculos mixtos y derivados de turismos\" src=\"http:\/\/buscadordetalleres.com\/blog\/wp-content\/uploads\/2015\/03\/sava_3-300x193.jpg\" alt=\"La DGT aumenta la vigilancia a furgonetas, furgones, veh\u00edculos mixtos y derivados de turismos\" width=\"354\" height=\"229\" srcset=\"https:\/\/buscadordetalleres.com\/blog\/wp-content\/uploads\/2015\/03\/sava_3-300x193.jpg 300w, https:\/\/buscadordetalleres.com\/blog\/wp-content\/uploads\/2015\/03\/sava_3.jpg 532w\" sizes=\"auto, (max-width: 354px) 100vw, 354px\" \/><\/a><\/p>\n<p>El proyecto de investigaci\u00f3n Furgoseg sobre accidentes de tr\u00e1fico con implicaci\u00f3n de furgonetas (2008-2011) ya constat\u00f3 que la ITV desfavorables de este tipo de veh\u00edculos doblaban a la de los turismos, principalmente por los sistemas de rodadura, neum\u00e1ticos y suspensi\u00f3n.<\/p>\n<p><strong>Fuente de la <a href=\"http:\/\/www.dgt.es\/es\/prensa\/notas-de-prensa\/2014\/20140616-La-DGT-intensifica-la-vigilancia-a-furgonetas-furgones-y-vehiculos-mixtos-y-derivados-de-turismos.shtml\" target=\"_blank\">DGT.<\/a><\/strong><\/p>\n","protected":false},"excerpt":{"rendered":"<p>Debido a la alta siniestralidad de este tipo de veh\u00edculos usados como transporte y el aumento de su utilizaci\u00f3n como turismo, la DGT establece: Se efectuar\u00e1n puntos de control en carreteras, sobre todo convencionales y en zonas pr\u00f3ximas a los pol\u00edgonos industriales, lugares de carga y descarga y centros comerciales. Sus caracter\u00edsticas son diferentes y [&hellip;]<\/p>\n","protected":false},"author":1,"featured_media":0,"comment_status":"closed","ping_status":"open","sticky":false,"template":"","format":"standard","meta":{"sfsi_plus_gutenberg_text_before_share":"","sfsi_plus_gutenberg_show_text_before_share":"","sfsi_plus_gutenberg_icon_type":"","sfsi_plus_gutenberg_icon_alignemt":"","sfsi_plus_gutenburg_max_per_row":"","footnotes":""},"categories":[1,4],"tags":[34,27,26,25,5,33,29,31,32,28,35,30],"class_list":["post-562","post","type-post","status-publish","format-standard","hentry","category-articulo-tecnico","category-noticias","tag-buscador-de-talleres-2","tag-coche","tag-conduccion","tag-consejos-de-conduccion","tag-dgt","tag-espana","tag-mecanico","tag-normativas","tag-novedades","tag-taller","tag-taller-mecanico","tag-tecnico"],"_links":{"self":[{"href":"https:\/\/buscadordetalleres.com\/blog\/wp-json\/wp\/v2\/posts\/562","targetHints":{"allow":["GET"]}}],"collection":[{"href":"https:\/\/buscadordetalleres.com\/blog\/wp-json\/wp\/v2\/posts"}],"about":[{"href":"https:\/\/buscadordetalleres.com\/blog\/wp-json\/wp\/v2\/types\/post"}],"author":[{"embeddable":true,"href":"https:\/\/buscadordetalleres.com\/blog\/wp-json\/wp\/v2\/users\/1"}],"replies":[{"embeddable":true,"href":"https:\/\/buscadordetalleres.com\/blog\/wp-json\/wp\/v2\/comments?post=562"}],"version-history":[{"count":4,"href":"https:\/\/buscadordetalleres.com\/blog\/wp-json\/wp\/v2\/posts\/562\/revisions"}],"predecessor-version":[{"id":729,"href":"https:\/\/buscadordetalleres.com\/blog\/wp-json\/wp\/v2\/posts\/562\/revisions\/729"}],"wp:attachment":[{"href":"https:\/\/buscadordetalleres.com\/blog\/wp-json\/wp\/v2\/media?parent=562"}],"wp:term":[{"taxonomy":"category","embeddable":true,"href":"https:\/\/buscadordetalleres.com\/blog\/wp-json\/wp\/v2\/categories?post=562"},{"taxonomy":"post_tag","embeddable":true,"href":"https:\/\/buscadordetalleres.com\/blog\/wp-json\/wp\/v2\/tags?post=562"}],"curies":[{"name":"wp","href":"https:\/\/api.w.org\/{rel}","templated":true}]}}